{"id":1023,"date":"2025-07-09T13:56:30","date_gmt":"2025-07-09T11:56:30","guid":{"rendered":"https:\/\/ballpages.cat\/colla-de-sant-rafel\/"},"modified":"2025-10-02T12:18:30","modified_gmt":"2025-10-02T10:18:30","slug":"colla-de-sant-rafel","status":"publish","type":"post","link":"https:\/\/ballpages.cat\/es\/colla-de-sant-rafel\/","title":{"rendered":"Colla de Sant Rafel"},"content":{"rendered":"\n<p>Sa Colla de Sant Rafel se fund\u00f3 en el a\u00f1o 1981. Todo comenz\u00f3 cuando Margalida Bonet Ribas decidi\u00f3 fundar una colla de baile pay\u00e9s en Sant Rafel, dado que en este pueblo no hab\u00eda ninguna y cuando se celebraban fiestas ten\u00edan que venir colles de fuera del pueblo. El per\u00edodo de formaci\u00f3n de los primeros bailadores dur\u00f3 casi dos a\u00f1os: en el invierno de 1979, comenzaron a aprender a bailar; en el a\u00f1o 1980, los bailadores comenzaron a recibir las primeras clases de tocar casta\u00f1uelas; y, en 1981, algunos comenzaron a aprender a tocar el tambor y la flauta.   <br\/><br\/><br\/>As\u00ed, una vez formada Sa Colla de Sant Rafel sali\u00f3 a realizar el primer baile en p\u00fablico el 8 de diciembre de 1981. Cuando se fund\u00f3 Sa Colla qued\u00f3 integrada por cuarenta y cinco componentes, muchos de ellos ni\u00f1os que tuvieron as\u00ed su primer contacto con las ra\u00edces y la cultura ibicencas. Actualmente, la asociaci\u00f3n est\u00e1 integrada por cincuenta componentes, aunque, durante su larga trayectoria, han sido m\u00e1s de cien los j\u00f3venes que han pasado por ella.  <br\/><br\/><\/p>\n\n<figure class=\"wp-block-image alignfull size-full\"><img fetchpriority=\"high\" decoding=\"async\" width=\"600\" height=\"399\" src=\"https:\/\/ballpages.cat\/wp-content\/uploads\/2025\/07\/colla_de_sant_rafel_02.jpg\" alt=\"\" class=\"wp-image-221\" srcset=\"https:\/\/ballpages.cat\/wp-content\/uploads\/2025\/07\/colla_de_sant_rafel_02.jpg 600w, https:\/\/ballpages.cat\/wp-content\/uploads\/2025\/07\/colla_de_sant_rafel_02-300x200.jpg 300w\" sizes=\"(max-width: 600px) 100vw, 600px\" \/><\/figure>\n\n<p><br\/><br\/>El principal objetivo de Sa Colla de Sant Rafel es conservar el folclore, la historia y las costumbres de Ibiza. Por ello, desde su fundaci\u00f3n trabaja en la formaci\u00f3n de j\u00f3venes que comparten su inter\u00e9s hacia la danza y la cultura aut\u00f3ctona impartiendo clases de baile pay\u00e9s, clases de tocar el tambor y la flauta y clases de tocar casta\u00f1uelas. Adem\u00e1s, tambi\u00e9n ha organizado diversos cursos para ense\u00f1ar las t\u00e9cnicas de elaboraci\u00f3n de los diferentes instrumentos musicales y para ense\u00f1ar a confeccionar la indumentaria femenina: 2004-2005 curso de hacer tambores y mantones de payesa; 2005-2006 curso de hacer casta\u00f1uelas y trajes de payesa; 2009 curso de hacer flautas; 2010 y 2016 curso de hacer casta\u00f1uelas; 2011 curso de hacer instrumentos; 2012 curso de hacer cestos; desde 2006 hasta 2016 un curso anual de hacer alpargatas. Asimismo, fruto del inter\u00e9s por dar a conocer la cultura tradicional, de noviembre de 2014 hasta noviembre de 2015 se realiz\u00f3 un curso de teatro que finaliz\u00f3 con la representaci\u00f3n de una adaptaci\u00f3n de cuentos tradicionales ibicencos durante las fiestas de Sant Rafel del a\u00f1o 2015.   <\/p>\n\n<p><br\/><br\/>Desde 1984 Sa Colla de Sant Rafel ha organizado un Festival Folcl\u00f3rico dentro del marco de las fiestas patronales de Sant Rafel. En el festival han mostrado su folclore agrupaciones de nuestra isla y del resto del territorio espa\u00f1ol, as\u00ed como tambi\u00e9n han cantado sus glosas cantadores de las Baleares. <\/p>\n\n<p><br\/><br\/>Entre otras actividades encaminadas a la conservaci\u00f3n de la cultura tradicional, cabe destacar la organizaci\u00f3n anual de un baile popular en el Pou d\u2019en Micolau el segundo fin de semana de octubre, con la cual se pretende contribuir a la recuperaci\u00f3n de las fiestas en los pozos y de los juegos tradicionales ibicencos.<\/p>\n\n<p><br\/><br\/>Sa Colla tambi\u00e9n participa en la procesi\u00f3n que se celebra cada a\u00f1o el D\u00eda del Passos, recuperando as\u00ed la antigua tradici\u00f3n isle\u00f1a de asistir a llevar a las j\u00f3venes vestidas de payesas y con mantilla blanca en la cabeza.<\/p>\n\n<p><br\/><br\/>Cabe destacar que, durante las d\u00e9cadas de los a\u00f1os 80 y de los a\u00f1os 90, el grupo trabaj\u00f3 para recuperar canciones populares ibicencas. Estas canciones las cantaron bailadores y bailadoras de Sa Colla en algunas fiestas y juergas, y algunas de ellas se han recogido dentro de uno de los cap\u00edtulos del libro Sa Colla de Sant Rafel, 1981-2011. <\/p>\n\n<figure class=\"wp-block-image alignfull size-full\"><img decoding=\"async\" width=\"600\" height=\"399\" src=\"https:\/\/ballpages.cat\/wp-content\/uploads\/2025\/07\/colla_de_sant_rafel_03.jpg\" alt=\"\" class=\"wp-image-222\" srcset=\"https:\/\/ballpages.cat\/wp-content\/uploads\/2025\/07\/colla_de_sant_rafel_03.jpg 600w, https:\/\/ballpages.cat\/wp-content\/uploads\/2025\/07\/colla_de_sant_rafel_03-300x200.jpg 300w\" sizes=\"(max-width: 600px) 100vw, 600px\" \/><\/figure>\n\n<p>En el a\u00f1o 2015 el grupo public\u00f3 el libro Sa Colla de Sant Rafel, 1981-2011, una obra muy personal donde se recogen los hechos m\u00e1s destacados de su trayectoria: su formaci\u00f3n, sus actividades, sus componentes, sus vivencias, adem\u00e1s de material de gran valor para la conservaci\u00f3n del patrimonio cultural como es la recuperaci\u00f3n del traje de clauer, la recopilaci\u00f3n de canciones populares o informaci\u00f3n de los grandes maestros de tambor, flauta y casta\u00f1uelas de Ibiza.<\/p>\n\n<p>En el a\u00f1o 2006 Sa Colla de Sant Rafel recibi\u00f3 la Medalla de Plata del Municipio, otorgada por el Ayuntamiento de Sant Antoni de Portmany, en reconocimiento a toda una trayectoria de 25 a\u00f1os dedicados a la recuperaci\u00f3n y conservaci\u00f3n del folclore y la cultura tradicional.<\/p>\n\n<p>Otro objetivo importante de Sa Colla de Sant Rafel es dar a conocer en todo el mundo el folclore y la cultura ibicenca. Por ello, desde el a\u00f1o 1982, Sa Colla ha realizado intercambios culturales con otros grupos folcl\u00f3ricos nacionales e internacionales y ha participado en diversos festivales folcl\u00f3ricos: <\/p>\n\n<p>1982: Festival Internacional de S\u00f3ller (Mallorca).<br\/>1984: III Fiesta Folcl\u00f3rica de Son Ferriol (Mallorca).<br\/>1985: Actuaci\u00f3n en Esporles (Mallorca).<br\/>1989: VIII Fiesta Folcl\u00f3rica de Son Ferriol (Mallorca).<br\/>1989: Actuaci\u00f3n en Benic\u00e0ssim (Castell\u00f3n).<br\/>1990: Fiestas de Olost del Llu\u00e7an\u00e8s (Barcelona).<br\/>1990: Actuaci\u00f3n en Puig Punyent (Mallorca).<br\/>1992: Actuaci\u00f3n en Vigo y Pontevedra (Galicia).<br\/>1993: Actuaci\u00f3n en Andorra.<br\/>1994: Actuaci\u00f3n en Olot (Girona).<br\/>1994: Actuaci\u00f3n en Herencia (Ciudad Real).<br\/>1995: 49\u00ba Festival Folcl\u00f3rico de Llangollen (Gales), en el cual se consigui\u00f3 un 5\u00ba puesto.<br\/>1995: Actuaci\u00f3n en Torres de Cotillas (Murcia).<br\/>1996: Actuaci\u00f3n en Benic\u00e0ssim (Castell\u00f3n).<br\/>1997: Actuaci\u00f3n en Ciutadella (Menorca).<br\/>1998: Actuaci\u00f3n en Sant Boi del Llu\u00e7an\u00e8s (Barcelona).<br\/>1999: Actuaci\u00f3n en Villajoiosa (Alicante) 2000: Actuaci\u00f3n en Murcia.<br\/>2001: Festival Folcl\u00f3rico de Sant Pere de Bairo (Guimaraes, Portugal).<br\/>2003: Actuaci\u00f3n en Vigo (Galicia).<br\/>2004: Festival de Talayuela (C\u00e1ceres).<br\/>2005: Actuaci\u00f3n en Inca (Mallorca).<br\/>2005: Actuaci\u00f3n en Tembleque (Toledo).<br\/>2005: Fiesta de los Nabos de San Mart\u00edn del Rey Aurelio (Asturias).<br\/>2006: Desfile Folcl\u00f3rico Internacional (Alicante).<br\/>2006: Muestra Folcl\u00f3rica de Ferreries (Menorca).<br\/>2006: Feria Internacional de Turismo Interboot (Friedrishafen, Alemania).<br\/>2007: Festival de danzas de Beneixama (Alicante).<br\/>2008: Actuaci\u00f3n en la Feria N\u00e1utica de Barcelona.<br\/>2009: Festival Cultural de Danza \u201cCastell\u00f3-Dansa\u201d (Castell\u00f3 d\u2019Emp\u00faries).<br\/>2009: Festival de M\u00fasica y Baile Folcl\u00f3rico de Orihuela (Alicante).<br\/>2010: Berriofolk 2010 (Berriozar, Pamplona).<br\/>2011: XXIV Festival Folcl\u00f3rico Internacional \u201cLa Esteva\u201d (Segovia).<br\/>2012: Festival Folcl\u00f3rico de Saint-Girons (Francia).<br\/>2013: Actuaci\u00f3n en la Fiesta del Vino de Salvaterra de Mi\u00f1o (Pontevedra)<br\/>2013: III Aplec de Cultura Popular i M\u00fasica Tradicional de Pollen\u00e7a (Mallorca)<br\/>2014: Festival Folcl\u00f3rico Villa de Almohar\u00edn (C\u00e1ceres).<br\/>2015: Muestra de Danzas Rituales de la Guancha (Tenerife).<br\/>2015: Actuaci\u00f3n en Vigo (Galicia).<\/p>\n\n<p>Aparte de estos festivales, Sa Colla tambi\u00e9n ha participado activamente en bailes y festivales organizados por el Consell Insular d\u2019Eivissa.<\/p>\n\n<p>Sa Colla de Sant Rafel participa activamente en la organizaci\u00f3n de las Fiestas Patronales de Sant Rafel y colabora en los programas de bailes organizados por el Ayuntamiento de Sant Antoni de Portmany: mercado artesanal, fiestas populares y otros eventos.<\/p>\n\n<p>Adem\u00e1s, Sa Colla de Sant Rafel forma parte de la Federaci\u00f3n de Colles de Ball i Cultura Popular d\u2019Eivissa i Formentera, de la cual fue miembro fundador en el a\u00f1o 1998.<\/p>\n","protected":false},"excerpt":{"rendered":"<p>Sa Colla de Sant Rafel se fund\u00f3 en el a\u00f1o 1981. Todo comenz\u00f3 cuando Margalida Bonet Ribas decidi\u00f3 fundar una colla de baile pay\u00e9s en Sant Rafel, dado que en este pueblo no hab\u00eda ninguna y cuando se celebraban fiestas ten\u00edan que venir colles de fuera del pueblo. El per\u00edodo de formaci\u00f3n de los primeros [&hellip;]<\/p>\n","protected":false},"author":1,"featured_media":1024,"comment_status":"open","ping_status":"open","sticky":false,"template":"","format":"standard","meta":{"_acf_changed":false,"footnotes":""},"categories":[34],"tags":[],"class_list":["post-1023","post","type-post","status-publish","format-standard","has-post-thumbnail","hentry","category-collas"],"acf":[],"yoast_head":"<!-- This site is optimized with the Yoast SEO plugin v27.1.1 - https:\/\/yoast.com\/product\/yoast-seo-wordpress\/ -->\n<title>Colla de Sant Rafel: Collas \u2014 Federaci\u00f3 de Colles de Ball i Cultura Popular d&#039;Eivissa<\/title>\n<meta name=\"robots\" content=\"index, follow, max-snippet:-1, max-image-preview:large, max-video-preview:-1\" \/>\n<link rel=\"canonical\" href=\"https:\/\/ballpages.cat\/es\/colla-de-sant-rafel\/\" \/>\n<meta property=\"og:locale\" content=\"es_ES\" \/>\n<meta property=\"og:type\" content=\"article\" \/>\n<meta property=\"og:title\" content=\"Colla de Sant Rafel: Collas \u2014 Federaci\u00f3 de Colles de Ball i Cultura Popular d&#039;Eivissa\" \/>\n<meta property=\"og:description\" content=\"Sa Colla de Sant Rafel se fund\u00f3 en el a\u00f1o 1981. Todo comenz\u00f3 cuando Margalida Bonet Ribas decidi\u00f3 fundar una colla de baile pay\u00e9s en Sant Rafel, dado que en este pueblo no hab\u00eda ninguna y cuando se celebraban fiestas ten\u00edan que venir colles de fuera del pueblo. El per\u00edodo de formaci\u00f3n de los primeros [&hellip;]\" \/>\n<meta property=\"og:url\" content=\"https:\/\/ballpages.cat\/es\/colla-de-sant-rafel\/\" \/>\n<meta property=\"og:site_name\" content=\"Federaci\u00f3 de Colles de Ball i Cultura Popular d&#039;Eivissa\" \/>\n<meta property=\"article:publisher\" content=\"https:\/\/www.facebook.com\/profile.php?id=100064808673700\" \/>\n<meta property=\"article:published_time\" content=\"2025-07-09T11:56:30+00:00\" \/>\n<meta property=\"article:modified_time\" content=\"2025-10-02T10:18:30+00:00\" \/>\n<meta property=\"og:image\" content=\"https:\/\/ballpages.cat\/wp-content\/uploads\/2025\/07\/colla_de_sant_rafel_01.jpg\" \/>\n\t<meta property=\"og:image:width\" content=\"1100\" \/>\n\t<meta property=\"og:image:height\" content=\"600\" \/>\n\t<meta property=\"og:image:type\" content=\"image\/jpeg\" \/>\n<meta name=\"author\" content=\"annaindigital\" \/>\n<meta name=\"twitter:card\" content=\"summary_large_image\" \/>\n<meta name=\"twitter:label1\" content=\"Escrito por\" \/>\n\t<meta name=\"twitter:data1\" content=\"annaindigital\" \/>\n\t<meta name=\"twitter:label2\" content=\"Tiempo de lectura\" \/>\n\t<meta name=\"twitter:data2\" content=\"6 minutos\" \/>\n<script type=\"application\/ld+json\" class=\"yoast-schema-graph\">{\"@context\":\"https:\/\/schema.org\",\"@graph\":[{\"@type\":\"Article\",\"@id\":\"https:\/\/ballpages.cat\/es\/colla-de-sant-rafel\/#article\",\"isPartOf\":{\"@id\":\"https:\/\/ballpages.cat\/es\/colla-de-sant-rafel\/\"},\"author\":{\"name\":\"annaindigital\",\"@id\":\"https:\/\/ballpages.cat\/es\/#\/schema\/person\/29007f13dcb8984fe000d7b4ed137424\"},\"headline\":\"Colla de Sant Rafel\",\"datePublished\":\"2025-07-09T11:56:30+00:00\",\"dateModified\":\"2025-10-02T10:18:30+00:00\",\"mainEntityOfPage\":{\"@id\":\"https:\/\/ballpages.cat\/es\/colla-de-sant-rafel\/\"},\"wordCount\":1156,\"commentCount\":0,\"publisher\":{\"@id\":\"https:\/\/ballpages.cat\/es\/#organization\"},\"image\":{\"@id\":\"https:\/\/ballpages.cat\/es\/colla-de-sant-rafel\/#primaryimage\"},\"thumbnailUrl\":\"https:\/\/ballpages.cat\/wp-content\/uploads\/2025\/07\/colla_de_sant_rafel_01.jpg\",\"articleSection\":[\"Collas\"],\"inLanguage\":\"es\",\"potentialAction\":[{\"@type\":\"CommentAction\",\"name\":\"Comment\",\"target\":[\"https:\/\/ballpages.cat\/es\/colla-de-sant-rafel\/#respond\"]}]},{\"@type\":\"WebPage\",\"@id\":\"https:\/\/ballpages.cat\/es\/colla-de-sant-rafel\/\",\"url\":\"https:\/\/ballpages.cat\/es\/colla-de-sant-rafel\/\",\"name\":\"Colla de Sant Rafel: Collas \u2014 Federaci\u00f3 de Colles de Ball i Cultura Popular d&#039;Eivissa\",\"isPartOf\":{\"@id\":\"https:\/\/ballpages.cat\/es\/#website\"},\"primaryImageOfPage\":{\"@id\":\"https:\/\/ballpages.cat\/es\/colla-de-sant-rafel\/#primaryimage\"},\"image\":{\"@id\":\"https:\/\/ballpages.cat\/es\/colla-de-sant-rafel\/#primaryimage\"},\"thumbnailUrl\":\"https:\/\/ballpages.cat\/wp-content\/uploads\/2025\/07\/colla_de_sant_rafel_01.jpg\",\"datePublished\":\"2025-07-09T11:56:30+00:00\",\"dateModified\":\"2025-10-02T10:18:30+00:00\",\"breadcrumb\":{\"@id\":\"https:\/\/ballpages.cat\/es\/colla-de-sant-rafel\/#breadcrumb\"},\"inLanguage\":\"es\",\"potentialAction\":[{\"@type\":\"ReadAction\",\"target\":[\"https:\/\/ballpages.cat\/es\/colla-de-sant-rafel\/\"]}]},{\"@type\":\"ImageObject\",\"inLanguage\":\"es\",\"@id\":\"https:\/\/ballpages.cat\/es\/colla-de-sant-rafel\/#primaryimage\",\"url\":\"https:\/\/ballpages.cat\/wp-content\/uploads\/2025\/07\/colla_de_sant_rafel_01.jpg\",\"contentUrl\":\"https:\/\/ballpages.cat\/wp-content\/uploads\/2025\/07\/colla_de_sant_rafel_01.jpg\",\"width\":1100,\"height\":600},{\"@type\":\"BreadcrumbList\",\"@id\":\"https:\/\/ballpages.cat\/es\/colla-de-sant-rafel\/#breadcrumb\",\"itemListElement\":[{\"@type\":\"ListItem\",\"position\":1,\"name\":\"Portada\",\"item\":\"https:\/\/ballpages.cat\/es\/\"},{\"@type\":\"ListItem\",\"position\":2,\"name\":\"Colla de Sant Rafel\"}]},{\"@type\":\"WebSite\",\"@id\":\"https:\/\/ballpages.cat\/es\/#website\",\"url\":\"https:\/\/ballpages.cat\/es\/\",\"name\":\"Federaci\u00f3 de Colles de Ball i Cultura Popular d&#039;Eivissa\",\"description\":\"Preservam i promovem el folklore piti\u00fas\",\"publisher\":{\"@id\":\"https:\/\/ballpages.cat\/es\/#organization\"},\"potentialAction\":[{\"@type\":\"SearchAction\",\"target\":{\"@type\":\"EntryPoint\",\"urlTemplate\":\"https:\/\/ballpages.cat\/es\/?s={search_term_string}\"},\"query-input\":{\"@type\":\"PropertyValueSpecification\",\"valueRequired\":true,\"valueName\":\"search_term_string\"}}],\"inLanguage\":\"es\"},{\"@type\":\"Organization\",\"@id\":\"https:\/\/ballpages.cat\/es\/#organization\",\"name\":\"Federaci\u00f3 de Colles de Ball i Cultura Popular d'Eivissa\",\"alternateName\":\"Federaci\u00f3 de Collesfa\",\"url\":\"https:\/\/ballpages.cat\/es\/\",\"logo\":{\"@type\":\"ImageObject\",\"inLanguage\":\"es\",\"@id\":\"https:\/\/ballpages.cat\/es\/#\/schema\/logo\/image\/\",\"url\":\"https:\/\/ballpages.cat\/wp-content\/uploads\/2025\/07\/logo1-e1751461442972.jpg\",\"contentUrl\":\"https:\/\/ballpages.cat\/wp-content\/uploads\/2025\/07\/logo1-e1751461442972.jpg\",\"width\":595,\"height\":271,\"caption\":\"Federaci\u00f3 de Colles de Ball i Cultura Popular d'Eivissa\"},\"image\":{\"@id\":\"https:\/\/ballpages.cat\/es\/#\/schema\/logo\/image\/\"},\"sameAs\":[\"https:\/\/www.facebook.com\/profile.php?id=100064808673700\",\"https:\/\/www.instagram.com\/federaciodecolles\/\"]},{\"@type\":\"Person\",\"@id\":\"https:\/\/ballpages.cat\/es\/#\/schema\/person\/29007f13dcb8984fe000d7b4ed137424\",\"name\":\"annaindigital\",\"image\":{\"@type\":\"ImageObject\",\"inLanguage\":\"es\",\"@id\":\"https:\/\/ballpages.cat\/es\/#\/schema\/person\/image\/\",\"url\":\"https:\/\/secure.gravatar.com\/avatar\/d4223a4d99d734c7a73b6dd380788b2217dca3cb396e5baedcaff300ef1e562b?s=96&d=mm&r=g\",\"contentUrl\":\"https:\/\/secure.gravatar.com\/avatar\/d4223a4d99d734c7a73b6dd380788b2217dca3cb396e5baedcaff300ef1e562b?s=96&d=mm&r=g\",\"caption\":\"annaindigital\"},\"sameAs\":[\"https:\/\/ballpages.cat\"]}]}<\/script>\n<!-- \/ Yoast SEO plugin. -->","yoast_head_json":{"title":"Colla de Sant Rafel: Collas \u2014 Federaci\u00f3 de Colles de Ball i Cultura Popular d&#039;Eivissa","robots":{"index":"index","follow":"follow","max-snippet":"max-snippet:-1","max-image-preview":"max-image-preview:large","max-video-preview":"max-video-preview:-1"},"canonical":"https:\/\/ballpages.cat\/es\/colla-de-sant-rafel\/","og_locale":"es_ES","og_type":"article","og_title":"Colla de Sant Rafel: Collas \u2014 Federaci\u00f3 de Colles de Ball i Cultura Popular d&#039;Eivissa","og_description":"Sa Colla de Sant Rafel se fund\u00f3 en el a\u00f1o 1981. Todo comenz\u00f3 cuando Margalida Bonet Ribas decidi\u00f3 fundar una colla de baile pay\u00e9s en Sant Rafel, dado que en este pueblo no hab\u00eda ninguna y cuando se celebraban fiestas ten\u00edan que venir colles de fuera del pueblo. El per\u00edodo de formaci\u00f3n de los primeros [&hellip;]","og_url":"https:\/\/ballpages.cat\/es\/colla-de-sant-rafel\/","og_site_name":"Federaci\u00f3 de Colles de Ball i Cultura Popular d&#039;Eivissa","article_publisher":"https:\/\/www.facebook.com\/profile.php?id=100064808673700","article_published_time":"2025-07-09T11:56:30+00:00","article_modified_time":"2025-10-02T10:18:30+00:00","og_image":[{"width":1100,"height":600,"url":"https:\/\/ballpages.cat\/wp-content\/uploads\/2025\/07\/colla_de_sant_rafel_01.jpg","type":"image\/jpeg"}],"author":"annaindigital","twitter_card":"summary_large_image","twitter_misc":{"Escrito por":"annaindigital","Tiempo de lectura":"6 minutos"},"schema":{"@context":"https:\/\/schema.org","@graph":[{"@type":"Article","@id":"https:\/\/ballpages.cat\/es\/colla-de-sant-rafel\/#article","isPartOf":{"@id":"https:\/\/ballpages.cat\/es\/colla-de-sant-rafel\/"},"author":{"name":"annaindigital","@id":"https:\/\/ballpages.cat\/es\/#\/schema\/person\/29007f13dcb8984fe000d7b4ed137424"},"headline":"Colla de Sant Rafel","datePublished":"2025-07-09T11:56:30+00:00","dateModified":"2025-10-02T10:18:30+00:00","mainEntityOfPage":{"@id":"https:\/\/ballpages.cat\/es\/colla-de-sant-rafel\/"},"wordCount":1156,"commentCount":0,"publisher":{"@id":"https:\/\/ballpages.cat\/es\/#organization"},"image":{"@id":"https:\/\/ballpages.cat\/es\/colla-de-sant-rafel\/#primaryimage"},"thumbnailUrl":"https:\/\/ballpages.cat\/wp-content\/uploads\/2025\/07\/colla_de_sant_rafel_01.jpg","articleSection":["Collas"],"inLanguage":"es","potentialAction":[{"@type":"CommentAction","name":"Comment","target":["https:\/\/ballpages.cat\/es\/colla-de-sant-rafel\/#respond"]}]},{"@type":"WebPage","@id":"https:\/\/ballpages.cat\/es\/colla-de-sant-rafel\/","url":"https:\/\/ballpages.cat\/es\/colla-de-sant-rafel\/","name":"Colla de Sant Rafel: Collas \u2014 Federaci\u00f3 de Colles de Ball i Cultura Popular d&#039;Eivissa","isPartOf":{"@id":"https:\/\/ballpages.cat\/es\/#website"},"primaryImageOfPage":{"@id":"https:\/\/ballpages.cat\/es\/colla-de-sant-rafel\/#primaryimage"},"image":{"@id":"https:\/\/ballpages.cat\/es\/colla-de-sant-rafel\/#primaryimage"},"thumbnailUrl":"https:\/\/ballpages.cat\/wp-content\/uploads\/2025\/07\/colla_de_sant_rafel_01.jpg","datePublished":"2025-07-09T11:56:30+00:00","dateModified":"2025-10-02T10:18:30+00:00","breadcrumb":{"@id":"https:\/\/ballpages.cat\/es\/colla-de-sant-rafel\/#breadcrumb"},"inLanguage":"es","potentialAction":[{"@type":"ReadAction","target":["https:\/\/ballpages.cat\/es\/colla-de-sant-rafel\/"]}]},{"@type":"ImageObject","inLanguage":"es","@id":"https:\/\/ballpages.cat\/es\/colla-de-sant-rafel\/#primaryimage","url":"https:\/\/ballpages.cat\/wp-content\/uploads\/2025\/07\/colla_de_sant_rafel_01.jpg","contentUrl":"https:\/\/ballpages.cat\/wp-content\/uploads\/2025\/07\/colla_de_sant_rafel_01.jpg","width":1100,"height":600},{"@type":"BreadcrumbList","@id":"https:\/\/ballpages.cat\/es\/colla-de-sant-rafel\/#breadcrumb","itemListElement":[{"@type":"ListItem","position":1,"name":"Portada","item":"https:\/\/ballpages.cat\/es\/"},{"@type":"ListItem","position":2,"name":"Colla de Sant Rafel"}]},{"@type":"WebSite","@id":"https:\/\/ballpages.cat\/es\/#website","url":"https:\/\/ballpages.cat\/es\/","name":"Federaci\u00f3 de Colles de Ball i Cultura Popular d&#039;Eivissa","description":"Preservam i promovem el folklore piti\u00fas","publisher":{"@id":"https:\/\/ballpages.cat\/es\/#organization"},"potentialAction":[{"@type":"SearchAction","target":{"@type":"EntryPoint","urlTemplate":"https:\/\/ballpages.cat\/es\/?s={search_term_string}"},"query-input":{"@type":"PropertyValueSpecification","valueRequired":true,"valueName":"search_term_string"}}],"inLanguage":"es"},{"@type":"Organization","@id":"https:\/\/ballpages.cat\/es\/#organization","name":"Federaci\u00f3 de Colles de Ball i Cultura Popular d'Eivissa","alternateName":"Federaci\u00f3 de Collesfa","url":"https:\/\/ballpages.cat\/es\/","logo":{"@type":"ImageObject","inLanguage":"es","@id":"https:\/\/ballpages.cat\/es\/#\/schema\/logo\/image\/","url":"https:\/\/ballpages.cat\/wp-content\/uploads\/2025\/07\/logo1-e1751461442972.jpg","contentUrl":"https:\/\/ballpages.cat\/wp-content\/uploads\/2025\/07\/logo1-e1751461442972.jpg","width":595,"height":271,"caption":"Federaci\u00f3 de Colles de Ball i Cultura Popular d'Eivissa"},"image":{"@id":"https:\/\/ballpages.cat\/es\/#\/schema\/logo\/image\/"},"sameAs":["https:\/\/www.facebook.com\/profile.php?id=100064808673700","https:\/\/www.instagram.com\/federaciodecolles\/"]},{"@type":"Person","@id":"https:\/\/ballpages.cat\/es\/#\/schema\/person\/29007f13dcb8984fe000d7b4ed137424","name":"annaindigital","image":{"@type":"ImageObject","inLanguage":"es","@id":"https:\/\/ballpages.cat\/es\/#\/schema\/person\/image\/","url":"https:\/\/secure.gravatar.com\/avatar\/d4223a4d99d734c7a73b6dd380788b2217dca3cb396e5baedcaff300ef1e562b?s=96&d=mm&r=g","contentUrl":"https:\/\/secure.gravatar.com\/avatar\/d4223a4d99d734c7a73b6dd380788b2217dca3cb396e5baedcaff300ef1e562b?s=96&d=mm&r=g","caption":"annaindigital"},"sameAs":["https:\/\/ballpages.cat"]}]}},"_links":{"self":[{"href":"https:\/\/ballpages.cat\/es\/wp-json\/wp\/v2\/posts\/1023","targetHints":{"allow":["GET"]}}],"collection":[{"href":"https:\/\/ballpages.cat\/es\/wp-json\/wp\/v2\/posts"}],"about":[{"href":"https:\/\/ballpages.cat\/es\/wp-json\/wp\/v2\/types\/post"}],"author":[{"embeddable":true,"href":"https:\/\/ballpages.cat\/es\/wp-json\/wp\/v2\/users\/1"}],"replies":[{"embeddable":true,"href":"https:\/\/ballpages.cat\/es\/wp-json\/wp\/v2\/comments?post=1023"}],"version-history":[{"count":1,"href":"https:\/\/ballpages.cat\/es\/wp-json\/wp\/v2\/posts\/1023\/revisions"}],"predecessor-version":[{"id":1025,"href":"https:\/\/ballpages.cat\/es\/wp-json\/wp\/v2\/posts\/1023\/revisions\/1025"}],"wp:featuredmedia":[{"embeddable":true,"href":"https:\/\/ballpages.cat\/es\/wp-json\/wp\/v2\/media\/1024"}],"wp:attachment":[{"href":"https:\/\/ballpages.cat\/es\/wp-json\/wp\/v2\/media?parent=1023"}],"wp:term":[{"taxonomy":"category","embeddable":true,"href":"https:\/\/ballpages.cat\/es\/wp-json\/wp\/v2\/categories?post=1023"},{"taxonomy":"post_tag","embeddable":true,"href":"https:\/\/ballpages.cat\/es\/wp-json\/wp\/v2\/tags?post=1023"}],"curies":[{"name":"wp","href":"https:\/\/api.w.org\/{rel}","templated":true}]}}